{"id":565,"date":"2024-01-09T11:57:45","date_gmt":"2024-01-09T10:57:45","guid":{"rendered":"https:\/\/antoniopont.gsatek.es\/?p=565"},"modified":"2024-03-05T13:03:48","modified_gmt":"2024-03-05T12:03:48","slug":"arrenjament-de-la-placa-de-sant-pere-desvim","status":"publish","type":"post","link":"https:\/\/lithosconstruccio.cat\/index.php\/2024\/01\/09\/arrenjament-de-la-placa-de-sant-pere-desvim\/","title":{"rendered":"Arrenjament de la pla\u00e7a de Sant Pere Desvim"},"content":{"rendered":"\t\t<div data-elementor-type=\"wp-post\" data-elementor-id=\"565\" class=\"elementor elementor-565\" data-elementor-post-type=\"post\">\n\t\t\t\t<div class=\"elementor-element elementor-element-48b4ef2d e-flex e-con-boxed e-con e-parent\" data-id=\"48b4ef2d\" data-element_type=\"container\" data-e-type=\"container\">\n\t\t\t\t\t<div class=\"e-con-inner\">\n\t\t\t\t<div class=\"elementor-element elementor-element-5361116 elementor-widget-divider--view-line elementor-widget elementor-widget-divider\" data-id=\"5361116\" data-element_type=\"widget\" data-e-type=\"widget\" data-widget_type=\"divider.default\">\n\t\t\t\t<div class=\"elementor-widget-container\">\n\t\t\t\t\t\t\t<div class=\"elementor-divider\">\n\t\t\t<span class=\"elementor-divider-separator\">\n\t\t\t\t\t\t<\/span>\n\t\t<\/div>\n\t\t\t\t\t\t<\/div>\n\t\t\t\t<\/div>\n\t\t\t\t<div class=\"elementor-element elementor-element-42cae9d2 elementor-widget elementor-widget-text-editor\" data-id=\"42cae9d2\" data-element_type=\"widget\" data-e-type=\"widget\" data-widget_type=\"text-editor.default\">\n\t\t\t\t<div class=\"elementor-widget-container\">\n\t\t\t\t\t\t\t\t\t<p>Benvinguts al projecte <span style=\"text-decoration: underline;\">d&#8217;arrenjament de la Pla\u00e7a de Sant Pere Desvim<\/span>, una iniciativa destinada a <strong>transformar aquest espai en el cor del poble<\/strong> amb una combinaci\u00f3 de <span style=\"text-decoration: underline;\">funcionalitat, est\u00e8tica i comoditat<\/span>. A trav\u00e9s d&#8217;aquesta empresa, aspirem a crear una pla\u00e7a que inspiri la <span style=\"text-decoration: underline;\">connexi\u00f3 comunit\u00e0ria, celebri la cultura local i serveixi com a punt de trobada per a tots els ciutadans.<\/span><\/p><p>Amb l&#8217;objectiu de crear un espai visualment atractiu, considerarem la <strong>plantaci\u00f3 d&#8217;arbres i arbustos, l&#8217;\u00fas d&#8217;elements art\u00edstics<\/strong> i la selecci\u00f3 de paviments est\u00e8ticament agradables. Aquestes millores contribuiran a la imatge positiva de la pla\u00e7a.<\/p><p>Agra\u00efm la vostra confian\u00e7a i confiem que la Pla\u00e7a de Sant Pere Desvim <span style=\"text-decoration: underline;\">esdevindr\u00e0 un punt de trobada vibrant i inspirador<\/span> per a tota la comunitat.<\/p>\t\t\t\t\t\t\t\t<\/div>\n\t\t\t\t<\/div>\n\t\t\t\t\t<\/div>\n\t\t\t\t<\/div>\n\t\t<div class=\"elementor-element elementor-element-b474eb4 e-flex e-con-boxed e-con e-parent\" data-id=\"b474eb4\" data-element_type=\"container\" data-e-type=\"container\">\n\t\t\t\t\t<div class=\"e-con-inner\">\n\t\t\t\t<div class=\"elementor-element elementor-element-7ac70a3 elementor-widget elementor-widget-gallery\" data-id=\"7ac70a3\" data-element_type=\"widget\" data-e-type=\"widget\" data-settings=\"{&quot;columns&quot;:3,&quot;lazyload&quot;:&quot;yes&quot;,&quot;gallery_layout&quot;:&quot;grid&quot;,&quot;columns_tablet&quot;:2,&quot;columns_mobile&quot;:1,&quot;gap&quot;:{&quot;unit&quot;:&quot;px&quot;,&quot;size&quot;:10,&quot;sizes&quot;:[]},&quot;gap_tablet&quot;:{&quot;unit&quot;:&quot;px&quot;,&quot;size&quot;:10,&quot;sizes&quot;:[]},&quot;gap_mobile&quot;:{&quot;unit&quot;:&quot;px&quot;,&quot;size&quot;:10,&quot;sizes&quot;:[]},&quot;link_to&quot;:&quot;file&quot;,&quot;aspect_ratio&quot;:&quot;3:2&quot;,&quot;overlay_background&quot;:&quot;yes&quot;,&quot;content_hover_animation&quot;:&quot;fade-in&quot;}\" data-widget_type=\"gallery.default\">\n\t\t\t\t<div class=\"elementor-widget-container\">\n\t\t\t\t\t\t\t<div class=\"elementor-gallery__container\">\n\t\t\t\t\t\t\t<a class=\"e-gallery-item elementor-gallery-item elementor-animated-content\" href=\"https:\/\/lithosconstruccio.cat\/wp-content\/uploads\/2024\/01\/obra55_b.jpg\" data-elementor-open-lightbox=\"yes\" data-elementor-lightbox-slideshow=\"7ac70a3\" data-elementor-lightbox-title=\"obra55_b\" data-e-action-hash=\"#elementor-action%3Aaction%3Dlightbox%26settings%3DeyJpZCI6NTcwLCJ1cmwiOiJodHRwczpcL1wvbGl0aG9zY29uc3RydWNjaW8uY2F0XC93cC1jb250ZW50XC91cGxvYWRzXC8yMDI0XC8wMVwvb2JyYTU1X2IuanBnIiwic2xpZGVzaG93IjoiN2FjNzBhMyJ9\">\n\t\t\t\t\t<div class=\"e-gallery-image elementor-gallery-item__image\" data-thumbnail=\"https:\/\/lithosconstruccio.cat\/wp-content\/uploads\/2024\/01\/obra55_b-768x576.jpg\" data-width=\"768\" data-height=\"576\" aria-label=\"\" role=\"img\" ><\/div>\n\t\t\t\t\t\t\t\t\t\t\t<div class=\"elementor-gallery-item__overlay\"><\/div>\n\t\t\t\t\t\t\t\t\t\t\t\t\t\t<\/a>\n\t\t\t\t\t\t\t<a class=\"e-gallery-item elementor-gallery-item elementor-animated-content\" href=\"https:\/\/lithosconstruccio.cat\/wp-content\/uploads\/2024\/01\/obra54_b.jpg\" data-elementor-open-lightbox=\"yes\" data-elementor-lightbox-slideshow=\"7ac70a3\" data-elementor-lightbox-title=\"obra54_b\" data-e-action-hash=\"#elementor-action%3Aaction%3Dlightbox%26settings%3DeyJpZCI6NTY5LCJ1cmwiOiJodHRwczpcL1wvbGl0aG9zY29uc3RydWNjaW8uY2F0XC93cC1jb250ZW50XC91cGxvYWRzXC8yMDI0XC8wMVwvb2JyYTU0X2IuanBnIiwic2xpZGVzaG93IjoiN2FjNzBhMyJ9\">\n\t\t\t\t\t<div class=\"e-gallery-image elementor-gallery-item__image\" data-thumbnail=\"https:\/\/lithosconstruccio.cat\/wp-content\/uploads\/2024\/01\/obra54_b-768x576.jpg\" data-width=\"768\" data-height=\"576\" aria-label=\"\" role=\"img\" ><\/div>\n\t\t\t\t\t\t\t\t\t\t\t<div class=\"elementor-gallery-item__overlay\"><\/div>\n\t\t\t\t\t\t\t\t\t\t\t\t\t\t<\/a>\n\t\t\t\t\t\t\t<a class=\"e-gallery-item elementor-gallery-item elementor-animated-content\" href=\"https:\/\/lithosconstruccio.cat\/wp-content\/uploads\/2024\/01\/obra53_b.jpg\" data-elementor-open-lightbox=\"yes\" data-elementor-lightbox-slideshow=\"7ac70a3\" data-elementor-lightbox-title=\"obra53_b\" data-e-action-hash=\"#elementor-action%3Aaction%3Dlightbox%26settings%3DeyJpZCI6NTY4LCJ1cmwiOiJodHRwczpcL1wvbGl0aG9zY29uc3RydWNjaW8uY2F0XC93cC1jb250ZW50XC91cGxvYWRzXC8yMDI0XC8wMVwvb2JyYTUzX2IuanBnIiwic2xpZGVzaG93IjoiN2FjNzBhMyJ9\">\n\t\t\t\t\t<div class=\"e-gallery-image elementor-gallery-item__image\" data-thumbnail=\"https:\/\/lithosconstruccio.cat\/wp-content\/uploads\/2024\/01\/obra53_b-768x576.jpg\" data-width=\"768\" data-height=\"576\" aria-label=\"\" role=\"img\" ><\/div>\n\t\t\t\t\t\t\t\t\t\t\t<div class=\"elementor-gallery-item__overlay\"><\/div>\n\t\t\t\t\t\t\t\t\t\t\t\t\t\t<\/a>\n\t\t\t\t\t\t\t<a class=\"e-gallery-item elementor-gallery-item elementor-animated-content\" href=\"https:\/\/lithosconstruccio.cat\/wp-content\/uploads\/2024\/01\/obra52_b.jpg\" data-elementor-open-lightbox=\"yes\" data-elementor-lightbox-slideshow=\"7ac70a3\" data-elementor-lightbox-title=\"obra52_b\" data-e-action-hash=\"#elementor-action%3Aaction%3Dlightbox%26settings%3DeyJpZCI6NTY3LCJ1cmwiOiJodHRwczpcL1wvbGl0aG9zY29uc3RydWNjaW8uY2F0XC93cC1jb250ZW50XC91cGxvYWRzXC8yMDI0XC8wMVwvb2JyYTUyX2IuanBnIiwic2xpZGVzaG93IjoiN2FjNzBhMyJ9\">\n\t\t\t\t\t<div class=\"e-gallery-image elementor-gallery-item__image\" data-thumbnail=\"https:\/\/lithosconstruccio.cat\/wp-content\/uploads\/2024\/01\/obra52_b-768x576.jpg\" data-width=\"768\" data-height=\"576\" aria-label=\"\" role=\"img\" ><\/div>\n\t\t\t\t\t\t\t\t\t\t\t<div class=\"elementor-gallery-item__overlay\"><\/div>\n\t\t\t\t\t\t\t\t\t\t\t\t\t\t<\/a>\n\t\t\t\t\t\t\t<a class=\"e-gallery-item elementor-gallery-item elementor-animated-content\" href=\"https:\/\/lithosconstruccio.cat\/wp-content\/uploads\/2024\/01\/obra51_b.jpg\" data-elementor-open-lightbox=\"yes\" data-elementor-lightbox-slideshow=\"7ac70a3\" data-elementor-lightbox-title=\"obra51_b\" data-e-action-hash=\"#elementor-action%3Aaction%3Dlightbox%26settings%3DeyJpZCI6NTY2LCJ1cmwiOiJodHRwczpcL1wvbGl0aG9zY29uc3RydWNjaW8uY2F0XC93cC1jb250ZW50XC91cGxvYWRzXC8yMDI0XC8wMVwvb2JyYTUxX2IuanBnIiwic2xpZGVzaG93IjoiN2FjNzBhMyJ9\">\n\t\t\t\t\t<div class=\"e-gallery-image elementor-gallery-item__image\" data-thumbnail=\"https:\/\/lithosconstruccio.cat\/wp-content\/uploads\/2024\/01\/obra51_b-768x576.jpg\" data-width=\"768\" data-height=\"576\" aria-label=\"\" role=\"img\" ><\/div>\n\t\t\t\t\t\t\t\t\t\t\t<div class=\"elementor-gallery-item__overlay\"><\/div>\n\t\t\t\t\t\t\t\t\t\t\t\t\t\t<\/a>\n\t\t\t\t\t<\/div>\n\t\t\t\t\t<\/div>\n\t\t\t\t<\/div>\n\t\t\t\t\t<\/div>\n\t\t\t\t<\/div>\n\t\t\t\t<\/div>\n\t\t","protected":false},"excerpt":{"rendered":"<p>Benvinguts al projecte d&#8217;arrenjament de la Pla\u00e7a de Sant Pere Desvim, una iniciativa destinada a transformar aquest espai en el cor del poble amb una combinaci\u00f3 de funcionalitat, est\u00e8tica i comoditat. A trav\u00e9s d&#8217;aquesta empresa, aspirem a crear una pla\u00e7a que inspiri la connexi\u00f3 comunit\u00e0ria, celebri la cultura local i serveixi com a punt de [&hellip;]<\/p>\n","protected":false},"author":1,"featured_media":570,"comment_status":"closed","ping_status":"closed","sticky":false,"template":"","format":"standard","meta":{"footnotes":""},"categories":[1],"tags":[],"class_list":["post-565","post","type-post","status-publish","format-standard","has-post-thumbnail","hentry","category-blog"],"_links":{"self":[{"href":"https:\/\/lithosconstruccio.cat\/index.php\/wp-json\/wp\/v2\/posts\/565","targetHints":{"allow":["GET"]}}],"collection":[{"href":"https:\/\/lithosconstruccio.cat\/index.php\/wp-json\/wp\/v2\/posts"}],"about":[{"href":"https:\/\/lithosconstruccio.cat\/index.php\/wp-json\/wp\/v2\/types\/post"}],"author":[{"embeddable":true,"href":"https:\/\/lithosconstruccio.cat\/index.php\/wp-json\/wp\/v2\/users\/1"}],"replies":[{"embeddable":true,"href":"https:\/\/lithosconstruccio.cat\/index.php\/wp-json\/wp\/v2\/comments?post=565"}],"version-history":[{"count":7,"href":"https:\/\/lithosconstruccio.cat\/index.php\/wp-json\/wp\/v2\/posts\/565\/revisions"}],"predecessor-version":[{"id":1020,"href":"https:\/\/lithosconstruccio.cat\/index.php\/wp-json\/wp\/v2\/posts\/565\/revisions\/1020"}],"wp:featuredmedia":[{"embeddable":true,"href":"https:\/\/lithosconstruccio.cat\/index.php\/wp-json\/wp\/v2\/media\/570"}],"wp:attachment":[{"href":"https:\/\/lithosconstruccio.cat\/index.php\/wp-json\/wp\/v2\/media?parent=565"}],"wp:term":[{"taxonomy":"category","embeddable":true,"href":"https:\/\/lithosconstruccio.cat\/index.php\/wp-json\/wp\/v2\/categories?post=565"},{"taxonomy":"post_tag","embeddable":true,"href":"https:\/\/lithosconstruccio.cat\/index.php\/wp-json\/wp\/v2\/tags?post=565"}],"curies":[{"name":"wp","href":"https:\/\/api.w.org\/{rel}","templated":true}]}}